{"id":217,"date":"2020-06-29T13:21:33","date_gmt":"2020-06-29T13:21:33","guid":{"rendered":"http:\/\/melges24.de\/?p=217"},"modified":"2020-06-29T13:21:33","modified_gmt":"2020-06-29T13:21:33","slug":"saison-update","status":"publish","type":"post","link":"http:\/\/melges24.de\/?p=217","title":{"rendered":"Saison Update"},"content":{"rendered":"\n<p>Liebe Melges 24 Segler,<\/p>\n\n\n\n<p>bis vor wenigen Tagen war der Saisonstart nicht sicher &#8211; heute kann ich Euch gute Nachrichten \u00fcbermitteln.<\/p>\n\n\n\n<p>Vom 17. &#8211;&nbsp;<a href=\"x-apple-data-detectors:\/\/1\">19. Juli<\/a>&nbsp;kann und darf in Torbole\/Gardasee die erste Regatta (Act 1 Italien Series und zugleich italienische Meisterschaft) stattfinden. Im August starten dann offiziell die Europ\u00e4ische Serie und die nationalen Regatten am Brombachsee.<\/p>\n\n\n\n<p>Ihr findet alles Notwendige auf folgender Webseite:<\/p>\n\n\n\n<p><a href=\"http:\/\/www.melges24.com\/\">www.melges24.com<\/a>&nbsp;&nbsp;<\/p>\n\n\n\n<p>Ich m\u00f6chte Euch zudem darauf aufmerksam machen, dass wir auf der internationalen Melges24-Webseite einen nationalen Bereich haben. Um dorthin zu gelangen geht Ihr bitte auf das Flaggensymbol oben in der Leiste. Dort sind beispielsweise auch die nationalen Regatten ver\u00f6ffentlicht.<\/p>\n\n\n\n<p>Unsere nationale Webseite der Klassenvereinigung betreiben wir weiter unter&nbsp;<a href=\"http:\/\/www.melges24.de\/\">www.melges24.de<\/a><\/p>\n\n\n\n<p>Weiterhin bitte ich Euch den j\u00e4hrlich f\u00e4lligen Klassenbeitrag f\u00fcr 2020 zu \u00fcberweisen. Dieser Beitrag wird satzungsgem\u00e4\u00df zu 80% an die internationale Klassenvereinigung weitergegeben. Dort werden die internationalen Regatten koordiniert und begleitet, die Webseiten betrieben und Eure Interessen vertreten. Zu erw\u00e4hnen sind dabei auch alle Fragen und \u00c4nderungen zur Vermessung der Boote und der Regeln. Hier k\u00f6nnen wir aktiv mitwirken &#8211; beispielsweise bei dem Gewichtslimit der Mannschaft oder der den vorerw\u00e4hnten Vermessungs- oder Ausr\u00fcstungsvorschriften. Zu erw\u00e4hnen ist dabei auch die Presse- und PR-Arbeit. &nbsp;Als dies muss geleistet und koordiniert werden. Piret Salmistu (Administrator and Media Coordinator) kennen die meisten von Euch.&nbsp;<\/p>\n\n\n\n<p>Link:&nbsp;<a href=\"https:\/\/www.melges24.com\/news\/welcome-piret-salmistu-new-imca-class-administrator-and-media-coordinator\">https:\/\/www.melges24.com\/news\/welcome-piret-salmistu-new-imca-class-administrator-and-media-coordinator<\/a><\/p>\n\n\n\n<p>Sie macht seit Jahren einen wundervollen und sehr engagierten Job und wir unterst\u00fctzen ihre Arbeit, die auch f\u00fcr uns sehr wichtig ist.<\/p>\n\n\n\n<p>Die deutsche Klassenvereinigung bezahlt mit dem verbleibenden Einnahmen aus den Mitgliedsbeitr\u00e4gen Geb\u00fchren f\u00fcr den deutschen Vermesser und Kosten f\u00fcr Pressemitteilungen oder f\u00f6rdert eine junge Mannschaft, wie beispielsweise letztes Jahr das Team Leika aus Stralsund anl\u00e4sslich deren Teilnahme an der WM.<\/p>\n\n\n\n<p>Der Klassenbeitrag betr\u00e4gt f\u00fcr Eigner 128 \u20ac und f\u00fcr Associates 21 \u20ac. Achtung steuert der Eigner sein Boot nicht selbst, so muss der Steuermann mindestens Associate in der Klassenvereinigung sein. Bitte denkt daran, sonst habt ihr keine Startberechtigung. Das gilt im \u00fcbrigen auch f\u00fcr die nationalen Regatten. Ich muss den Zahlungseingang bei der Klassenvereinigung melden und Ihr seid dann registriert und damit Startberechtigung f\u00fcr das jeweilige Jahr.<\/p>\n\n\n\n<p>Die Kontoverbindung lautet:<\/p>\n\n\n\n<p>Sparkasse Landsberg-Die\u00dfen<\/p>\n\n\n\n<p>Ko-Nr DE22&nbsp;<a href=\"tel:7005%202060%200022%201995\">7005 2060 0022 1995<\/a>&nbsp;66<\/p>\n\n\n\n<p>Bitte gebt unbedingt Eure Segelnummer und den Bootsnamen &#8211; neben Euren Namen, so Ihr nicht selbst \u00fcberweist an.<\/p>\n\n\n\n<p>Vielen Dank und ich w\u00fcnsche Euch (dennoch) eine sch\u00f6ne Segelsaison.<\/p>\n\n\n\n<p>Euer Michael<\/p>\n","protected":false},"excerpt":{"rendered":"<p>Liebe Melges 24 Segler, bis vor wenigen Tagen war der Saisonstart nicht sicher &#8211; heute kann ich Euch gute Nachrichten \u00fcbermitteln. Vom 17. &#8211;&nbsp;19. Juli&nbsp;kann und darf in Torbole\/Gardasee die erste Regatta (Act 1 Italien Series und zugleich italienische Meisterschaft) stattfinden. Im August starten dann offiziell die Europ\u00e4ische Serie und die nationalen Regatten am Brombachsee. &hellip; <a href=\"http:\/\/melges24.de\/?p=217\" class=\"more-link\"><span class=\"screen-reader-text\">Saison Update<\/span> weiterlesen<\/a><\/p>\n","protected":false},"author":1,"featured_media":0,"comment_status":"open","ping_status":"open","sticky":false,"template":"","format":"standard","meta":{"footnotes":""},"categories":[1],"tags":[],"class_list":["post-217","post","type-post","status-publish","format-standard","hentry","category-uncategorized"],"_links":{"self":[{"href":"http:\/\/melges24.de\/index.php?rest_route=\/wp\/v2\/posts\/217","targetHints":{"allow":["GET"]}}],"collection":[{"href":"http:\/\/melges24.de\/index.php?rest_route=\/wp\/v2\/posts"}],"about":[{"href":"http:\/\/melges24.de\/index.php?rest_route=\/wp\/v2\/types\/post"}],"author":[{"embeddable":true,"href":"http:\/\/melges24.de\/index.php?rest_route=\/wp\/v2\/users\/1"}],"replies":[{"embeddable":true,"href":"http:\/\/melges24.de\/index.php?rest_route=%2Fwp%2Fv2%2Fcomments&post=217"}],"version-history":[{"count":1,"href":"http:\/\/melges24.de\/index.php?rest_route=\/wp\/v2\/posts\/217\/revisions"}],"predecessor-version":[{"id":218,"href":"http:\/\/melges24.de\/index.php?rest_route=\/wp\/v2\/posts\/217\/revisions\/218"}],"wp:attachment":[{"href":"http:\/\/melges24.de\/index.php?rest_route=%2Fwp%2Fv2%2Fmedia&parent=217"}],"wp:term":[{"taxonomy":"category","embeddable":true,"href":"http:\/\/melges24.de\/index.php?rest_route=%2Fwp%2Fv2%2Fcategories&post=217"},{"taxonomy":"post_tag","embeddable":true,"href":"http:\/\/melges24.de\/index.php?rest_route=%2Fwp%2Fv2%2Ftags&post=217"}],"curies":[{"name":"wp","href":"https:\/\/api.w.org\/{rel}","templated":true}]}}