{"id":204,"date":"2019-10-21T07:59:38","date_gmt":"2019-10-21T07:59:38","guid":{"rendered":"http:\/\/melges24.de\/?p=204"},"modified":"2019-10-21T07:59:38","modified_gmt":"2019-10-21T07:59:38","slug":"neun-deutsche-boote-bei-der-wm-der-melges-24","status":"publish","type":"post","link":"http:\/\/melges24.de\/?p=204","title":{"rendered":"Neun deutsche Boote bei der WM der Melges 24"},"content":{"rendered":"\n<p><br>Mit neun Booten waren die deutschen Melges-24-Segler bei der Weltmeisterschaft in Villasimius im S\u00fcden Sardiniens angetreten. Das beste Ergebnis erzielte der Mainzer Peter Karri\u00e9, der mit neuem Boot und neuer Crew (Martin Schollmayer und drei Italiener) auf der&nbsp;\u201eNefeli\u201c&nbsp;(GER 859) auf Rang zw\u00f6lf segelte. Zweitbestes deutsches Boot war die&nbsp;\u201eWhite Room\u201c&nbsp;(GER 677) der Tutzinger Familie Tarabochia (Steuermann Luis, Michael und Marco) mit Sebastian B\u00fchler und Veronika Schl\u00f6gl auf Rang 22. Das f\u00fcr den YC Langenargen und den DTYC startende Team war Achter in der Amateur-Wertung.&nbsp;<\/p>\n\n\n\n<p>In die erste H\u00e4lfte der 61 Boote segelten auch die&nbsp;\u201eKleine Rainbow\u201c&nbsp;von Bent Dietrich (25.), die&nbsp;\u201eSlippery When Wet\u201c&nbsp;von Tim K\u00f6ppe (31.). Mit einem Zuschuss hatte die Klassenvereinigung das Stralsunder Studenten-Team von Lennart Burke unterst\u00fctzt, das mit&nbsp;\u201eLeika\u201c&nbsp;auf Rang 35 kam, unmittelbar hinter&nbsp;\u201eMusto Racing\u201c, die diesmal Oliver Oczycz (BYC) steuerte. Die&nbsp;\u201ePhonobloc\u201c&nbsp;(Thomas Beck) kam auf Rang 49, die Ballyhoo Reloaded\u201c&nbsp;(Martin Thiermann) auf 56 und die&nbsp;\u201eAce\u201c&nbsp;(Victor Pruchniewski) auf 60.<\/p>\n\n\n\n<p>\u201eEs war eine extrem harte Regatta\u201c, so Michael Tarabochia&nbsp;\u00fcber Bedingungen und Konkurrenz. Der Vorsitzende der deutschen Klassenvereinigung war stolz darauf, dass die GER-Flotte bei einem bestens besetzten Feld immerhin f\u00fcnf Top-Ten-Platzierungen segelte, darunter Dietrich einen zweiten Platz.&nbsp;\u201eDas Feld ist sehr ausgeglichen\u201c, sagte schon am ersten Tag der gerade f\u00fchrende Italiener Andrea Pozzi (mit&nbsp;\u201eBombarda\u201c&nbsp;am Schluss Dritter). Moderater Wind am Anfang, Flaute am zweiten Tag, Mistral am dritten und dann zwei Tage mit Ostwind &#8211; da konnten elf Wettfahrten gesegelt werden. In die Wertung kamen aber nur zehn: Die dritte Wettfahrt am ersten Tag wurde von der Jury annulliert. Die Wettfahrtleitung hatte bei Black Flag nicht alle Fr\u00fchstarter-Boote erkannt. Einige protestierten sich mit Drohnen-Aufnahmen zur\u00fcck in die Wertung, ehe die Jury das ganze Rennen aus der Wertung nahm, was nat\u00fcrlich zu gro\u00dfen Diskussion ohne weitere&nbsp;\u00c4nderungen f\u00fchrte.<\/p>\n\n\n\n<p>\u201eDer b\u00f6ige Mistral war weniger unser Problem\u201c, so Steuermann Luis Tarabochia,&nbsp;\u201eeher der Ostwind, der an den letzten beiden Tagen&nbsp;\u00fcbers Land kam. Die Dreher waren schwierig vorhersehbar und lang anhaltend. Da war eine Seite gleich mit drei- bis vierhundert Meter bevorteilt.\u201c&nbsp;Voll des Lobes war der junge Steuermann&nbsp;\u00fcber seinen Taktiker, der aus der einen oder anderen verzwickten Lage noch einiges herauszuholen half.&nbsp;\u201eMan darf nicht in Panik verfallen, wenn man mal hinten ist. K\u00fchlen Kopf behalten&nbsp;\u2013&nbsp;dann kann man auch mal wieder 20 Boote nach vorne fahren\u201c, so Sebastian B\u00fchler. Nicht nur ihm passte das Barfu\u00df-Segeln in Shorts Anfang Oktober:&nbsp;\u201eIn Villasimius hat es im Herbst noch richtig gute Bedingungen.\u201c&nbsp;<\/p>\n\n\n\n<p>Weltmeister wurde die&nbsp;\u201eMaidollis\u201c&nbsp;des Italieners&nbsp;Gianluca&nbsp;Perego vor der&nbsp;\u201eMonsoon\u201c&nbsp;des US-Amerikaners Bruce Ayres.&nbsp;W\u00e4hrend f\u00fcr das Gros der deutschen Melges-Segler die WM der Saison-Abschluss war, gingen vereinzelte Boote von Sardinien aus auf gro\u00dfe Fahrt, zur Winterserie in den USA.<\/p>\n\n\n\n<p>Volker G\u00f6bner<\/p>\n","protected":false},"excerpt":{"rendered":"<p>Mit neun Booten waren die deutschen Melges-24-Segler bei der Weltmeisterschaft in Villasimius im S\u00fcden Sardiniens angetreten. Das beste Ergebnis erzielte der Mainzer Peter Karri\u00e9, der mit neuem Boot und neuer Crew (Martin Schollmayer und drei Italiener) auf der&nbsp;\u201eNefeli\u201c&nbsp;(GER 859) auf Rang zw\u00f6lf segelte. Zweitbestes deutsches Boot war die&nbsp;\u201eWhite Room\u201c&nbsp;(GER 677) der Tutzinger Familie Tarabochia (Steuermann &hellip; <a href=\"http:\/\/melges24.de\/?p=204\" class=\"more-link\"><span class=\"screen-reader-text\">Neun deutsche Boote bei der WM der Melges 24<\/span> weiterlesen<\/a><\/p>\n","protected":false},"author":1,"featured_media":0,"comment_status":"open","ping_status":"open","sticky":false,"template":"","format":"standard","meta":{"footnotes":""},"categories":[1],"tags":[],"class_list":["post-204","post","type-post","status-publish","format-standard","hentry","category-uncategorized"],"_links":{"self":[{"href":"http:\/\/melges24.de\/index.php?rest_route=\/wp\/v2\/posts\/204","targetHints":{"allow":["GET"]}}],"collection":[{"href":"http:\/\/melges24.de\/index.php?rest_route=\/wp\/v2\/posts"}],"about":[{"href":"http:\/\/melges24.de\/index.php?rest_route=\/wp\/v2\/types\/post"}],"author":[{"embeddable":true,"href":"http:\/\/melges24.de\/index.php?rest_route=\/wp\/v2\/users\/1"}],"replies":[{"embeddable":true,"href":"http:\/\/melges24.de\/index.php?rest_route=%2Fwp%2Fv2%2Fcomments&post=204"}],"version-history":[{"count":1,"href":"http:\/\/melges24.de\/index.php?rest_route=\/wp\/v2\/posts\/204\/revisions"}],"predecessor-version":[{"id":205,"href":"http:\/\/melges24.de\/index.php?rest_route=\/wp\/v2\/posts\/204\/revisions\/205"}],"wp:attachment":[{"href":"http:\/\/melges24.de\/index.php?rest_route=%2Fwp%2Fv2%2Fmedia&parent=204"}],"wp:term":[{"taxonomy":"category","embeddable":true,"href":"http:\/\/melges24.de\/index.php?rest_route=%2Fwp%2Fv2%2Fcategories&post=204"},{"taxonomy":"post_tag","embeddable":true,"href":"http:\/\/melges24.de\/index.php?rest_route=%2Fwp%2Fv2%2Ftags&post=204"}],"curies":[{"name":"wp","href":"https:\/\/api.w.org\/{rel}","templated":true}]}}