{"id":197,"date":"2019-09-23T18:28:11","date_gmt":"2019-09-23T18:28:11","guid":{"rendered":"http:\/\/melges24.de\/?p=197"},"modified":"2019-09-23T18:28:11","modified_gmt":"2019-09-23T18:28:11","slug":"heisser-herbst-fuer-die-melges-24","status":"publish","type":"post","link":"http:\/\/melges24.de\/?p=197","title":{"rendered":"Hei\u00dfer Herbst f\u00fcr die Melges 24"},"content":{"rendered":"\n<p>International bestens besetzt sind die gro\u00dfen europ\u00e4ischen Regatten der Melges 24. Zur Pre- worlds waren schon einmal 24 Teams in Villasimius (an der S\u00fcdostspitze Sardiniens nahe Cagliari). Drei Tage mit unterschiedlichsten Bedingungen forderten die Teams: Mal Wind bis 20 Knoten mit einer steilen Welle, mal leichter Wind mit langer D\u00fcnung. Nach acht Wettfahrten hatte das Team des Italieners Andrea Pozzi auf \u201eBombarda\u201c klar vor seinem Landsmann Marco Zammarchi gewonnen. Die deutsche Klassenvereinigung wurde von drei Booten, Nefeli von Peter Kar- riere, Phonoblock von Tom Beck und White Room von Michael Tarabochia vertreten. In der Corinthian-Wertung (Amateure) konnte White Room Platz drei erk\u00e4mpfen &#8211; trotz Ausfall von Trimmer Marco wegen Seekrankheit bei hoher Welle am letzten Wettkampftag. Stark erk\u00e4mpfte sich Nefeli mit den Pl\u00e4tzen 3 und 5 am letzten Tag den achten Platz in der Gesamtwertung. Phonobloc hatte Pech &#8211; schon vor dem ersten Rennen wurde der Kite besch\u00e4digt.<br> F\u00fcr die Weltmeisterschaft in der zweiten Oktoberwoche in Villasimius waren 62 Mannschaften aus 15 Nationen gemeldet, darunter zehn aus Deutschland (wir werden berichten).<br> Ein f\u00fcr die Jahreszeit \u201ehei\u00dfes\u201c Wochenende erlebten auch die elf Mannschaften (13 Boote waren gemeldet), die am gleichen September-Termin zur German Open der Melges 24 im Rahmen der Oktoberfestregatta zum Bayerischen Yacht-Club nach Starnberg gekommen waren. Sommerliche Temperaturen (also bestes \u201eWiesn-Wetter\u201c), aber kaum Wind \u2013 und so konnten nur zwei Wettfahrten gesegelt werden. Auf Rang eins mit zwei zweiten Pl\u00e4tzen die \u201eBloodhound\u201c von Jo Schwarz (YCL) vom Bodensee mit einem Punkt Vorsprung vor der \u201eFeel Free\u201c von Benjamin K\u00f6hle. Noch einen Z\u00e4hler mehr hatte Bernd Kr\u00fcger (BYC) mit dem \u201eBatBoat\u201c auf Rang drei.<br> Wir gratulieren Neumitglied Jo Schwarz zum perfekten Einstieg!<\/p>\n","protected":false},"excerpt":{"rendered":"<p>International bestens besetzt sind die gro\u00dfen europ\u00e4ischen Regatten der Melges 24. Zur Pre- worlds waren schon einmal 24 Teams in Villasimius (an der S\u00fcdostspitze Sardiniens nahe Cagliari). Drei Tage mit unterschiedlichsten Bedingungen forderten die Teams: Mal Wind bis 20 Knoten mit einer steilen Welle, mal leichter Wind mit langer D\u00fcnung. Nach acht Wettfahrten hatte das &hellip; <a href=\"http:\/\/melges24.de\/?p=197\" class=\"more-link\"><span class=\"screen-reader-text\">Hei\u00dfer Herbst f\u00fcr die Melges 24<\/span> weiterlesen<\/a><\/p>\n","protected":false},"author":1,"featured_media":0,"comment_status":"open","ping_status":"open","sticky":false,"template":"","format":"standard","meta":{"footnotes":""},"categories":[1],"tags":[],"class_list":["post-197","post","type-post","status-publish","format-standard","hentry","category-uncategorized"],"_links":{"self":[{"href":"http:\/\/melges24.de\/index.php?rest_route=\/wp\/v2\/posts\/197","targetHints":{"allow":["GET"]}}],"collection":[{"href":"http:\/\/melges24.de\/index.php?rest_route=\/wp\/v2\/posts"}],"about":[{"href":"http:\/\/melges24.de\/index.php?rest_route=\/wp\/v2\/types\/post"}],"author":[{"embeddable":true,"href":"http:\/\/melges24.de\/index.php?rest_route=\/wp\/v2\/users\/1"}],"replies":[{"embeddable":true,"href":"http:\/\/melges24.de\/index.php?rest_route=%2Fwp%2Fv2%2Fcomments&post=197"}],"version-history":[{"count":1,"href":"http:\/\/melges24.de\/index.php?rest_route=\/wp\/v2\/posts\/197\/revisions"}],"predecessor-version":[{"id":198,"href":"http:\/\/melges24.de\/index.php?rest_route=\/wp\/v2\/posts\/197\/revisions\/198"}],"wp:attachment":[{"href":"http:\/\/melges24.de\/index.php?rest_route=%2Fwp%2Fv2%2Fmedia&parent=197"}],"wp:term":[{"taxonomy":"category","embeddable":true,"href":"http:\/\/melges24.de\/index.php?rest_route=%2Fwp%2Fv2%2Fcategories&post=197"},{"taxonomy":"post_tag","embeddable":true,"href":"http:\/\/melges24.de\/index.php?rest_route=%2Fwp%2Fv2%2Ftags&post=197"}],"curies":[{"name":"wp","href":"https:\/\/api.w.org\/{rel}","templated":true}]}}